{"id":813,"date":"2015-02-09T00:19:02","date_gmt":"2015-02-08T22:19:02","guid":{"rendered":"http:\/\/www.elks2015.eu\/?p=813"},"modified":"2015-03-09T00:20:18","modified_gmt":"2015-03-08T22:20:18","slug":"concert-of-foundation-viegli-will-open-elks","status":"publish","type":"post","link":"https:\/\/www.elks2015.eu\/en\/concert-of-foundation-viegli-will-open-elks\/","title":{"rendered":"A concert by foundation &#8220;Viegli&#8221; will open ELKS"},"content":{"rendered":"<p><a href=\"https:\/\/www.elks2015.eu\/wp-content\/uploads\/Nils_Vilnis_Viegli_2013.png\"><img loading=\"lazy\" decoding=\"async\" class=\"alignnone size-medium wp-image-652\" src=\"https:\/\/www.elks2015.eu\/wp-content\/uploads\/Nils_Vilnis_Viegli_2013-300x200.png\" alt=\"Nils_Vilnis_Viegli_2013\" width=\"300\" height=\"200\" srcset=\"https:\/\/www.elks2015.eu\/wp-content\/uploads\/Nils_Vilnis_Viegli_2013-300x200.png 300w, https:\/\/www.elks2015.eu\/wp-content\/uploads\/Nils_Vilnis_Viegli_2013-460x307.png 460w, https:\/\/www.elks2015.eu\/wp-content\/uploads\/Nils_Vilnis_Viegli_2013-150x100.png 150w, https:\/\/www.elks2015.eu\/wp-content\/uploads\/Nils_Vilnis_Viegli_2013.png 1000w\" sizes=\"auto, (max-width: 300px) 100vw, 300px\" \/><\/a><\/p>\n<p>Imants Ziedonis Foundation &#8220;Viegli&#8221; was established in the spring of 2010 with the aim\u00a0to pursue\u00a0the\u00a0mission dear to the patron of the Foundation,\u00a0poet Imants Ziedonis, &#8211;\u00a0&#8220;Latvia is an incredibly beautiful land, but such beauty needs help to shine.&#8221;<\/p>\n<p>The Foundation promots and implements the ideas and values of Imants Ziedonis,\u00a0continues to support\u00a0creative and\u00a0unusual ideas, and organizes\u00a0public projects that reveal the beauty of Latvia.<\/p>\n<p>To date, the Foundation has released two song albums featuring the lyrics by Imants Ziedonis and melodies composed by musicians Ren\u0101rs Kaupers, M\u0101ra Upmanes-Hol\u0161teine, J\u0101nis Hol\u0161teins-Upmanis, J\u0101nis Strapc\u0101ns, Raimonds Gusarevs, J\u0101nis \u0160ipk\u0113vics and K\u0101rlis Kaz\u0101ks. The album &#8220;Viegli&#8221;, released in 2010, was greatly appreciated. Following its success, Imants Ziedonis Foundation &#8220;Viegli&#8221; released its second album &#8220;Vakars.Pietura.Jasm\u012bns.&#8221;<\/p>\n<p>In cooperation with the European Latvian Song Festival in Brussels, &#8220;Viegli&#8221; will perform the most beautiful of the Foundation&#8217;s songs with lyrics by Imants Ziedonis.<br \/>\n(www.fondsviegli.lv\/Vakars-Pietura-Jasmins)<\/p>\n<p>More about Imants Ziedonis Foundation &#8220;Viegli&#8221;: www.fondsviegli.lv.<\/p>\n","protected":false},"excerpt":{"rendered":"<p>Imants Ziedonis Foundation &#8220;Viegli&#8221; was established in the spring of 2010 with the aim\u00a0to pursue\u00a0the\u00a0mission dear to the patron of the Foundation,\u00a0poet Imants Ziedonis, &#8211;\u00a0&#8220;Latvia is an incredibly beautiful land, but such beauty needs help to shine.&#8221; The Foundation promots and implements the ideas and values of Imants Ziedonis,\u00a0continues to support\u00a0creative and\u00a0unusual ideas, and organizes\u00a0public [&hellip;]<\/p>\n","protected":false},"author":6,"featured_media":652,"comment_status":"closed","ping_status":"closed","sticky":false,"template":"","format":"standard","meta":{"_acf_changed":false,"footnotes":""},"categories":[16],"tags":[],"class_list":["post-813","post","type-post","status-publish","format-standard","has-post-thumbnail","hentry","category-jaunumi-en"],"acf":[],"yoast_head":"<!-- This site is optimized with the Yoast SEO plugin v27.5 - https:\/\/yoast.com\/product\/yoast-seo-wordpress\/ -->\n<title>A concert by foundation &quot;Viegli&quot; will open ELKS - ELKS - European Festival of Latvian Culture<\/title>\n<meta name=\"robots\" content=\"index, follow, max-snippet:-1, max-image-preview:large, max-video-preview:-1\" \/>\n<link rel=\"canonical\" href=\"https:\/\/www.elks2015.eu\/en\/concert-of-foundation-viegli-will-open-elks\/\" \/>\n<meta property=\"og:locale\" content=\"en_US\" \/>\n<meta property=\"og:type\" content=\"article\" \/>\n<meta property=\"og:title\" content=\"A concert by foundation &quot;Viegli&quot; will open ELKS - ELKS - European Festival of Latvian Culture\" \/>\n<meta property=\"og:description\" content=\"Imants Ziedonis Foundation &#8220;Viegli&#8221; was established in the spring of 2010 with the aim\u00a0to pursue\u00a0the\u00a0mission dear to the patron of the Foundation,\u00a0poet Imants Ziedonis, &#8211;\u00a0&#8220;Latvia is an incredibly beautiful land, but such beauty needs help to shine.&#8221; The Foundation promots and implements the ideas and values of Imants Ziedonis,\u00a0continues to support\u00a0creative and\u00a0unusual ideas, and organizes\u00a0public [&hellip;]\" \/>\n<meta property=\"og:url\" content=\"https:\/\/www.elks2015.eu\/en\/concert-of-foundation-viegli-will-open-elks\/\" \/>\n<meta property=\"og:site_name\" content=\"ELKS - European Festival of Latvian Culture\" \/>\n<meta property=\"article:published_time\" content=\"2015-02-08T22:19:02+00:00\" \/>\n<meta property=\"article:modified_time\" content=\"2015-03-08T22:20:18+00:00\" \/>\n<meta property=\"og:image\" content=\"https:\/\/www.elks2015.eu\/wp-content\/uploads\/Nils_Vilnis_Viegli_2013.png\" \/>\n\t<meta property=\"og:image:width\" content=\"1000\" \/>\n\t<meta property=\"og:image:height\" content=\"667\" \/>\n\t<meta property=\"og:image:type\" content=\"image\/png\" \/>\n<meta name=\"author\" content=\"ELKS\" \/>\n<meta name=\"twitter:label1\" content=\"Written by\" \/>\n\t<meta name=\"twitter:data1\" content=\"ELKS\" \/>\n\t<meta name=\"twitter:label2\" content=\"Est. reading time\" \/>\n\t<meta name=\"twitter:data2\" content=\"1 minute\" \/>\n<script type=\"application\/ld+json\" class=\"yoast-schema-graph\">{\"@context\":\"https:\\\/\\\/schema.org\",\"@graph\":[{\"@type\":\"Article\",\"@id\":\"https:\\\/\\\/www.elks2015.eu\\\/en\\\/concert-of-foundation-viegli-will-open-elks\\\/#article\",\"isPartOf\":{\"@id\":\"https:\\\/\\\/www.elks2015.eu\\\/en\\\/concert-of-foundation-viegli-will-open-elks\\\/\"},\"author\":{\"name\":\"ELKS\",\"@id\":\"https:\\\/\\\/www.elks2015.eu\\\/#\\\/schema\\\/person\\\/edd642c1d663d29300612dc43754e590\"},\"headline\":\"A concert by foundation &#8220;Viegli&#8221; will open ELKS\",\"datePublished\":\"2015-02-08T22:19:02+00:00\",\"dateModified\":\"2015-03-08T22:20:18+00:00\",\"mainEntityOfPage\":{\"@id\":\"https:\\\/\\\/www.elks2015.eu\\\/en\\\/concert-of-foundation-viegli-will-open-elks\\\/\"},\"wordCount\":186,\"image\":{\"@id\":\"https:\\\/\\\/www.elks2015.eu\\\/en\\\/concert-of-foundation-viegli-will-open-elks\\\/#primaryimage\"},\"thumbnailUrl\":\"https:\\\/\\\/www.elks2015.eu\\\/wp-content\\\/uploads\\\/Nils_Vilnis_Viegli_2013.png\",\"articleSection\":[\"Jaunumi @en\"],\"inLanguage\":\"en-US\"},{\"@type\":\"WebPage\",\"@id\":\"https:\\\/\\\/www.elks2015.eu\\\/en\\\/concert-of-foundation-viegli-will-open-elks\\\/\",\"url\":\"https:\\\/\\\/www.elks2015.eu\\\/en\\\/concert-of-foundation-viegli-will-open-elks\\\/\",\"name\":\"A concert by foundation \\\"Viegli\\\" will open ELKS - ELKS - European Festival of Latvian Culture\",\"isPartOf\":{\"@id\":\"https:\\\/\\\/www.elks2015.eu\\\/#website\"},\"primaryImageOfPage\":{\"@id\":\"https:\\\/\\\/www.elks2015.eu\\\/en\\\/concert-of-foundation-viegli-will-open-elks\\\/#primaryimage\"},\"image\":{\"@id\":\"https:\\\/\\\/www.elks2015.eu\\\/en\\\/concert-of-foundation-viegli-will-open-elks\\\/#primaryimage\"},\"thumbnailUrl\":\"https:\\\/\\\/www.elks2015.eu\\\/wp-content\\\/uploads\\\/Nils_Vilnis_Viegli_2013.png\",\"datePublished\":\"2015-02-08T22:19:02+00:00\",\"dateModified\":\"2015-03-08T22:20:18+00:00\",\"author\":{\"@id\":\"https:\\\/\\\/www.elks2015.eu\\\/#\\\/schema\\\/person\\\/edd642c1d663d29300612dc43754e590\"},\"breadcrumb\":{\"@id\":\"https:\\\/\\\/www.elks2015.eu\\\/en\\\/concert-of-foundation-viegli-will-open-elks\\\/#breadcrumb\"},\"inLanguage\":\"en-US\",\"potentialAction\":[{\"@type\":\"ReadAction\",\"target\":[\"https:\\\/\\\/www.elks2015.eu\\\/en\\\/concert-of-foundation-viegli-will-open-elks\\\/\"]}]},{\"@type\":\"ImageObject\",\"inLanguage\":\"en-US\",\"@id\":\"https:\\\/\\\/www.elks2015.eu\\\/en\\\/concert-of-foundation-viegli-will-open-elks\\\/#primaryimage\",\"url\":\"https:\\\/\\\/www.elks2015.eu\\\/wp-content\\\/uploads\\\/Nils_Vilnis_Viegli_2013.png\",\"contentUrl\":\"https:\\\/\\\/www.elks2015.eu\\\/wp-content\\\/uploads\\\/Nils_Vilnis_Viegli_2013.png\",\"width\":1000,\"height\":667},{\"@type\":\"BreadcrumbList\",\"@id\":\"https:\\\/\\\/www.elks2015.eu\\\/en\\\/concert-of-foundation-viegli-will-open-elks\\\/#breadcrumb\",\"itemListElement\":[{\"@type\":\"ListItem\",\"position\":1,\"name\":\"Home\",\"item\":\"https:\\\/\\\/www.elks2015.eu\\\/\"},{\"@type\":\"ListItem\",\"position\":2,\"name\":\"A concert by foundation &#8220;Viegli&#8221; will open ELKS\"}]},{\"@type\":\"WebSite\",\"@id\":\"https:\\\/\\\/www.elks2015.eu\\\/#website\",\"url\":\"https:\\\/\\\/www.elks2015.eu\\\/\",\"name\":\"ELKS - European Festival of Latvian Culture\",\"description\":\"Brussels, 18-21 June 2015\",\"potentialAction\":[{\"@type\":\"SearchAction\",\"target\":{\"@type\":\"EntryPoint\",\"urlTemplate\":\"https:\\\/\\\/www.elks2015.eu\\\/?s={search_term_string}\"},\"query-input\":{\"@type\":\"PropertyValueSpecification\",\"valueRequired\":true,\"valueName\":\"search_term_string\"}}],\"inLanguage\":\"en-US\"},{\"@type\":\"Person\",\"@id\":\"https:\\\/\\\/www.elks2015.eu\\\/#\\\/schema\\\/person\\\/edd642c1d663d29300612dc43754e590\",\"name\":\"ELKS\",\"image\":{\"@type\":\"ImageObject\",\"inLanguage\":\"en-US\",\"@id\":\"https:\\\/\\\/secure.gravatar.com\\\/avatar\\\/88ca80a1afa18cf78ab561ce12e35193d8e3aa8c09e29170381aa05448f6681e?s=96&d=mm&r=g\",\"url\":\"https:\\\/\\\/secure.gravatar.com\\\/avatar\\\/88ca80a1afa18cf78ab561ce12e35193d8e3aa8c09e29170381aa05448f6681e?s=96&d=mm&r=g\",\"contentUrl\":\"https:\\\/\\\/secure.gravatar.com\\\/avatar\\\/88ca80a1afa18cf78ab561ce12e35193d8e3aa8c09e29170381aa05448f6681e?s=96&d=mm&r=g\",\"caption\":\"ELKS\"},\"sameAs\":[\"https:\\\/\\\/www.elks2015.eu\\\/\"],\"url\":\"https:\\\/\\\/www.elks2015.eu\\\/en\\\/author\\\/elks\\\/\"}]}<\/script>\n<!-- \/ Yoast SEO plugin. -->","yoast_head_json":{"title":"A concert by foundation \"Viegli\" will open ELKS - ELKS - European Festival of Latvian Culture","robots":{"index":"index","follow":"follow","max-snippet":"max-snippet:-1","max-image-preview":"max-image-preview:large","max-video-preview":"max-video-preview:-1"},"canonical":"https:\/\/www.elks2015.eu\/en\/concert-of-foundation-viegli-will-open-elks\/","og_locale":"en_US","og_type":"article","og_title":"A concert by foundation \"Viegli\" will open ELKS - ELKS - European Festival of Latvian Culture","og_description":"Imants Ziedonis Foundation &#8220;Viegli&#8221; was established in the spring of 2010 with the aim\u00a0to pursue\u00a0the\u00a0mission dear to the patron of the Foundation,\u00a0poet Imants Ziedonis, &#8211;\u00a0&#8220;Latvia is an incredibly beautiful land, but such beauty needs help to shine.&#8221; The Foundation promots and implements the ideas and values of Imants Ziedonis,\u00a0continues to support\u00a0creative and\u00a0unusual ideas, and organizes\u00a0public [&hellip;]","og_url":"https:\/\/www.elks2015.eu\/en\/concert-of-foundation-viegli-will-open-elks\/","og_site_name":"ELKS - European Festival of Latvian Culture","article_published_time":"2015-02-08T22:19:02+00:00","article_modified_time":"2015-03-08T22:20:18+00:00","og_image":[{"width":1000,"height":667,"url":"https:\/\/www.elks2015.eu\/wp-content\/uploads\/Nils_Vilnis_Viegli_2013.png","type":"image\/png"}],"author":"ELKS","twitter_misc":{"Written by":"ELKS","Est. reading time":"1 minute"},"schema":{"@context":"https:\/\/schema.org","@graph":[{"@type":"Article","@id":"https:\/\/www.elks2015.eu\/en\/concert-of-foundation-viegli-will-open-elks\/#article","isPartOf":{"@id":"https:\/\/www.elks2015.eu\/en\/concert-of-foundation-viegli-will-open-elks\/"},"author":{"name":"ELKS","@id":"https:\/\/www.elks2015.eu\/#\/schema\/person\/edd642c1d663d29300612dc43754e590"},"headline":"A concert by foundation &#8220;Viegli&#8221; will open ELKS","datePublished":"2015-02-08T22:19:02+00:00","dateModified":"2015-03-08T22:20:18+00:00","mainEntityOfPage":{"@id":"https:\/\/www.elks2015.eu\/en\/concert-of-foundation-viegli-will-open-elks\/"},"wordCount":186,"image":{"@id":"https:\/\/www.elks2015.eu\/en\/concert-of-foundation-viegli-will-open-elks\/#primaryimage"},"thumbnailUrl":"https:\/\/www.elks2015.eu\/wp-content\/uploads\/Nils_Vilnis_Viegli_2013.png","articleSection":["Jaunumi @en"],"inLanguage":"en-US"},{"@type":"WebPage","@id":"https:\/\/www.elks2015.eu\/en\/concert-of-foundation-viegli-will-open-elks\/","url":"https:\/\/www.elks2015.eu\/en\/concert-of-foundation-viegli-will-open-elks\/","name":"A concert by foundation \"Viegli\" will open ELKS - ELKS - European Festival of Latvian Culture","isPartOf":{"@id":"https:\/\/www.elks2015.eu\/#website"},"primaryImageOfPage":{"@id":"https:\/\/www.elks2015.eu\/en\/concert-of-foundation-viegli-will-open-elks\/#primaryimage"},"image":{"@id":"https:\/\/www.elks2015.eu\/en\/concert-of-foundation-viegli-will-open-elks\/#primaryimage"},"thumbnailUrl":"https:\/\/www.elks2015.eu\/wp-content\/uploads\/Nils_Vilnis_Viegli_2013.png","datePublished":"2015-02-08T22:19:02+00:00","dateModified":"2015-03-08T22:20:18+00:00","author":{"@id":"https:\/\/www.elks2015.eu\/#\/schema\/person\/edd642c1d663d29300612dc43754e590"},"breadcrumb":{"@id":"https:\/\/www.elks2015.eu\/en\/concert-of-foundation-viegli-will-open-elks\/#breadcrumb"},"inLanguage":"en-US","potentialAction":[{"@type":"ReadAction","target":["https:\/\/www.elks2015.eu\/en\/concert-of-foundation-viegli-will-open-elks\/"]}]},{"@type":"ImageObject","inLanguage":"en-US","@id":"https:\/\/www.elks2015.eu\/en\/concert-of-foundation-viegli-will-open-elks\/#primaryimage","url":"https:\/\/www.elks2015.eu\/wp-content\/uploads\/Nils_Vilnis_Viegli_2013.png","contentUrl":"https:\/\/www.elks2015.eu\/wp-content\/uploads\/Nils_Vilnis_Viegli_2013.png","width":1000,"height":667},{"@type":"BreadcrumbList","@id":"https:\/\/www.elks2015.eu\/en\/concert-of-foundation-viegli-will-open-elks\/#breadcrumb","itemListElement":[{"@type":"ListItem","position":1,"name":"Home","item":"https:\/\/www.elks2015.eu\/"},{"@type":"ListItem","position":2,"name":"A concert by foundation &#8220;Viegli&#8221; will open ELKS"}]},{"@type":"WebSite","@id":"https:\/\/www.elks2015.eu\/#website","url":"https:\/\/www.elks2015.eu\/","name":"ELKS - European Festival of Latvian Culture","description":"Brussels, 18-21 June 2015","potentialAction":[{"@type":"SearchAction","target":{"@type":"EntryPoint","urlTemplate":"https:\/\/www.elks2015.eu\/?s={search_term_string}"},"query-input":{"@type":"PropertyValueSpecification","valueRequired":true,"valueName":"search_term_string"}}],"inLanguage":"en-US"},{"@type":"Person","@id":"https:\/\/www.elks2015.eu\/#\/schema\/person\/edd642c1d663d29300612dc43754e590","name":"ELKS","image":{"@type":"ImageObject","inLanguage":"en-US","@id":"https:\/\/secure.gravatar.com\/avatar\/88ca80a1afa18cf78ab561ce12e35193d8e3aa8c09e29170381aa05448f6681e?s=96&d=mm&r=g","url":"https:\/\/secure.gravatar.com\/avatar\/88ca80a1afa18cf78ab561ce12e35193d8e3aa8c09e29170381aa05448f6681e?s=96&d=mm&r=g","contentUrl":"https:\/\/secure.gravatar.com\/avatar\/88ca80a1afa18cf78ab561ce12e35193d8e3aa8c09e29170381aa05448f6681e?s=96&d=mm&r=g","caption":"ELKS"},"sameAs":["https:\/\/www.elks2015.eu\/"],"url":"https:\/\/www.elks2015.eu\/en\/author\/elks\/"}]}},"_links":{"self":[{"href":"https:\/\/www.elks2015.eu\/en\/wp-json\/wp\/v2\/posts\/813","targetHints":{"allow":["GET"]}}],"collection":[{"href":"https:\/\/www.elks2015.eu\/en\/wp-json\/wp\/v2\/posts"}],"about":[{"href":"https:\/\/www.elks2015.eu\/en\/wp-json\/wp\/v2\/types\/post"}],"author":[{"embeddable":true,"href":"https:\/\/www.elks2015.eu\/en\/wp-json\/wp\/v2\/users\/6"}],"replies":[{"embeddable":true,"href":"https:\/\/www.elks2015.eu\/en\/wp-json\/wp\/v2\/comments?post=813"}],"version-history":[{"count":0,"href":"https:\/\/www.elks2015.eu\/en\/wp-json\/wp\/v2\/posts\/813\/revisions"}],"wp:featuredmedia":[{"embeddable":true,"href":"https:\/\/www.elks2015.eu\/en\/wp-json\/wp\/v2\/media\/652"}],"wp:attachment":[{"href":"https:\/\/www.elks2015.eu\/en\/wp-json\/wp\/v2\/media?parent=813"}],"wp:term":[{"taxonomy":"category","embeddable":true,"href":"https:\/\/www.elks2015.eu\/en\/wp-json\/wp\/v2\/categories?post=813"},{"taxonomy":"post_tag","embeddable":true,"href":"https:\/\/www.elks2015.eu\/en\/wp-json\/wp\/v2\/tags?post=813"}],"curies":[{"name":"wp","href":"https:\/\/api.w.org\/{rel}","templated":true}]}}